{"id":692,"date":"2021-10-15T11:03:37","date_gmt":"2021-10-15T08:03:37","guid":{"rendered":"https:\/\/kipinahrm.eu\/?p=692"},"modified":"2021-10-15T15:16:00","modified_gmt":"2021-10-15T12:16:00","slug":"7-osa-miksi-pavel-tuli-suomeen","status":"publish","type":"post","link":"https:\/\/kipinahrm.eu\/fi\/kipinantarina\/7-osa-miksi-pavel-tuli-suomeen\/","title":{"rendered":"7. osa: Miksi Pavel tuli Suomeen?"},"content":{"rendered":"\n<p>N\u00e4in\u00e4 10 vuotena olemme pystyneet tarjoamaan asiakkaillemme ammattilaisia useista Keski-Euroopan maista ja n\u00e4ille ammattilaisille hyv\u00e4n ty\u00f6paikan. T\u00e4m\u00e4 ei kuitenkaan ole ollut helppoa. Syrj\u00e4inen Suomi ei ehk\u00e4 ole se ensimm\u00e4inen maa, mik\u00e4 heille tulee mieleen. Vaikka meid\u00e4n mielest\u00e4mme Suomen luonto on maailman kauneimpia ja maamme turvallinen, ei se riit\u00e4. Miksi siis Pavel tuli ensimm\u00e4isen kerran Suomeen ja yh\u00e4 uudelleen?<\/p>\n\n\n\n<p>N\u00e4m\u00e4 ammattilaiset arvostavat samoja asioita kuin suomalaisetkin ty\u00f6ntekij\u00e4t; palkat maksetaan ajallaan, asiat hoidetaan hyvin sek\u00e4 ty\u00f6paikat ovat siistej\u00e4 ja turvallisia. Lis\u00e4ksi he arvostavat sit\u00e4, ett\u00e4 pystyv\u00e4t tarvittaessa kommunikoimaan omalla \u00e4idinkielell\u00e4\u00e4n. N\u00e4in me Kipin\u00e4ss\u00e4 olemme onnistuneet saamaan Pavelin ja h\u00e4nen ulkolaiset ty\u00f6kaverinsa viihtym\u00e4\u00e4n Suomessa jo 10 vuoden ajan. Ja n\u00e4in tulemme onnistumaan my\u00f6s seuraavat vuodet.<\/p>\n\n\n\n<figure class=\"wp-block-image size-full\"><img loading=\"lazy\" decoding=\"async\" width=\"892\" height=\"765\" src=\"https:\/\/kipinahrm.eu\/wp-content\/uploads\/2021\/10\/5c52ad72-8a54-485a-ad92-753376448047.jpg\" alt=\"\" class=\"wp-image-746\" srcset=\"https:\/\/kipinahrm.eu\/wp-content\/uploads\/2021\/10\/5c52ad72-8a54-485a-ad92-753376448047.jpg 892w, https:\/\/kipinahrm.eu\/wp-content\/uploads\/2021\/10\/5c52ad72-8a54-485a-ad92-753376448047-300x257.jpg 300w, https:\/\/kipinahrm.eu\/wp-content\/uploads\/2021\/10\/5c52ad72-8a54-485a-ad92-753376448047-768x659.jpg 768w\" sizes=\"auto, (max-width: 892px) 100vw, 892px\" \/><\/figure>\n","protected":false},"excerpt":{"rendered":"<p>N\u00e4in\u00e4 10 vuotena olemme pystyneet tarjoamaan asiakkaillemme ammattilaisia useista Keski-Euroopan maista ja n\u00e4ille ammattilaisille hyv\u00e4n ty\u00f6paikan. T\u00e4m\u00e4 ei kuitenkaan ole ollut helppoa. Syrj\u00e4inen Suomi ei ehk\u00e4 ole se ensimm\u00e4inen maa, mik\u00e4 heille tulee mieleen. Vaikka meid\u00e4n mielest\u00e4mme Suomen luonto on maailman kauneimpia ja maamme turvallinen, ei se riit\u00e4. Miksi siis Pavel tuli ensimm\u00e4isen kerran Suomeen [&hellip;]<\/p>\n","protected":false},"author":1,"featured_media":746,"comment_status":"closed","ping_status":"open","sticky":false,"template":"","format":"standard","meta":{"_improvement_type_select":"improve_an_existing","_thumb_yes_seoaic":false,"_frame_yes_seoaic":false,"seoaic_generate_description":"","seoaic_improve_instructions_prompt":"","seoaic_rollback_content_improvement":"","seoaic_idea_thumbnail_generator":"","thumbnail_generated":false,"thumbnail_generate_prompt":"","seoaic_article_description":"","seoaic_article_subtitles":[],"footnotes":""},"categories":[23],"tags":[],"class_list":["post-692","post","type-post","status-publish","format-standard","has-post-thumbnail","hentry","category-kipinantarina"],"yoast_head":"<!-- This site is optimized with the Yoast SEO plugin v27.5 - https:\/\/yoast.com\/product\/yoast-seo-wordpress\/ -->\n<title>7. osa: Miksi Pavel tuli Suomeen? - Henkil\u00f6st\u00f6vuokrausyhti\u00f6 Kipin\u00e4<\/title>\n<meta name=\"robots\" content=\"index, follow, max-snippet:-1, max-image-preview:large, max-video-preview:-1\" \/>\n<link rel=\"canonical\" href=\"https:\/\/kipinahrm.eu\/fi\/kipinantarina\/7-osa-miksi-pavel-tuli-suomeen\/\" \/>\n<meta property=\"og:locale\" content=\"fi_FI\" \/>\n<meta property=\"og:type\" content=\"article\" \/>\n<meta property=\"og:title\" content=\"7. osa: Miksi Pavel tuli Suomeen? - Henkil\u00f6st\u00f6vuokrausyhti\u00f6 Kipin\u00e4\" \/>\n<meta property=\"og:description\" content=\"N\u00e4in\u00e4 10 vuotena olemme pystyneet tarjoamaan asiakkaillemme ammattilaisia useista Keski-Euroopan maista ja n\u00e4ille ammattilaisille hyv\u00e4n ty\u00f6paikan. T\u00e4m\u00e4 ei kuitenkaan ole ollut helppoa. Syrj\u00e4inen Suomi ei ehk\u00e4 ole se ensimm\u00e4inen maa, mik\u00e4 heille tulee mieleen. Vaikka meid\u00e4n mielest\u00e4mme Suomen luonto on maailman kauneimpia ja maamme turvallinen, ei se riit\u00e4. Miksi siis Pavel tuli ensimm\u00e4isen kerran Suomeen [&hellip;]\" \/>\n<meta property=\"og:url\" content=\"https:\/\/kipinahrm.eu\/fi\/kipinantarina\/7-osa-miksi-pavel-tuli-suomeen\/\" \/>\n<meta property=\"og:site_name\" content=\"Henkil\u00f6st\u00f6vuokrausyhti\u00f6 Kipin\u00e4\" \/>\n<meta property=\"article:publisher\" content=\"https:\/\/m.facebook.com\/HenkilostovuokrausKipina\" \/>\n<meta property=\"article:published_time\" content=\"2021-10-15T08:03:37+00:00\" \/>\n<meta property=\"article:modified_time\" content=\"2021-10-15T12:16:00+00:00\" \/>\n<meta property=\"og:image\" content=\"https:\/\/kipinahrm.eu\/wp-content\/uploads\/2021\/10\/5c52ad72-8a54-485a-ad92-753376448047.jpg\" \/>\n\t<meta property=\"og:image:width\" content=\"892\" \/>\n\t<meta property=\"og:image:height\" content=\"765\" \/>\n\t<meta property=\"og:image:type\" content=\"image\/jpeg\" \/>\n<meta name=\"author\" content=\"sami.rissanen@appario.fi\" \/>\n<meta name=\"twitter:card\" content=\"summary_large_image\" \/>\n<meta name=\"twitter:label1\" content=\"Kirjoittanut\" \/>\n\t<meta name=\"twitter:data1\" content=\"sami.rissanen@appario.fi\" \/>\n\t<meta name=\"twitter:label2\" content=\"Arvioitu lukuaika\" \/>\n\t<meta name=\"twitter:data2\" content=\"1 minuutti\" \/>\n<script type=\"application\/ld+json\" class=\"yoast-schema-graph\">{\"@context\":\"https:\\\/\\\/schema.org\",\"@graph\":[{\"@type\":\"Article\",\"@id\":\"https:\\\/\\\/kipinahrm.eu\\\/fi\\\/kipinantarina\\\/7-osa-miksi-pavel-tuli-suomeen\\\/#article\",\"isPartOf\":{\"@id\":\"https:\\\/\\\/kipinahrm.eu\\\/fi\\\/kipinantarina\\\/7-osa-miksi-pavel-tuli-suomeen\\\/\"},\"author\":{\"name\":\"sami.rissanen@appario.fi\",\"@id\":\"https:\\\/\\\/kipinahrm.eu\\\/#\\\/schema\\\/person\\\/7afab194189472f1c1b2c73991c846d4\"},\"headline\":\"7. osa: Miksi Pavel tuli Suomeen?\",\"datePublished\":\"2021-10-15T08:03:37+00:00\",\"dateModified\":\"2021-10-15T12:16:00+00:00\",\"mainEntityOfPage\":{\"@id\":\"https:\\\/\\\/kipinahrm.eu\\\/fi\\\/kipinantarina\\\/7-osa-miksi-pavel-tuli-suomeen\\\/\"},\"wordCount\":139,\"publisher\":{\"@id\":\"https:\\\/\\\/kipinahrm.eu\\\/#organization\"},\"image\":{\"@id\":\"https:\\\/\\\/kipinahrm.eu\\\/fi\\\/kipinantarina\\\/7-osa-miksi-pavel-tuli-suomeen\\\/#primaryimage\"},\"thumbnailUrl\":\"https:\\\/\\\/kipinahrm.eu\\\/wp-content\\\/uploads\\\/2021\\\/10\\\/5c52ad72-8a54-485a-ad92-753376448047.jpg\",\"articleSection\":[\"Kipin\u00e4n tarina\"],\"inLanguage\":\"fi\"},{\"@type\":\"WebPage\",\"@id\":\"https:\\\/\\\/kipinahrm.eu\\\/fi\\\/kipinantarina\\\/7-osa-miksi-pavel-tuli-suomeen\\\/\",\"url\":\"https:\\\/\\\/kipinahrm.eu\\\/fi\\\/kipinantarina\\\/7-osa-miksi-pavel-tuli-suomeen\\\/\",\"name\":\"7. osa: Miksi Pavel tuli Suomeen? - Henkil\u00f6st\u00f6vuokrausyhti\u00f6 Kipin\u00e4\",\"isPartOf\":{\"@id\":\"https:\\\/\\\/kipinahrm.eu\\\/#website\"},\"primaryImageOfPage\":{\"@id\":\"https:\\\/\\\/kipinahrm.eu\\\/fi\\\/kipinantarina\\\/7-osa-miksi-pavel-tuli-suomeen\\\/#primaryimage\"},\"image\":{\"@id\":\"https:\\\/\\\/kipinahrm.eu\\\/fi\\\/kipinantarina\\\/7-osa-miksi-pavel-tuli-suomeen\\\/#primaryimage\"},\"thumbnailUrl\":\"https:\\\/\\\/kipinahrm.eu\\\/wp-content\\\/uploads\\\/2021\\\/10\\\/5c52ad72-8a54-485a-ad92-753376448047.jpg\",\"datePublished\":\"2021-10-15T08:03:37+00:00\",\"dateModified\":\"2021-10-15T12:16:00+00:00\",\"breadcrumb\":{\"@id\":\"https:\\\/\\\/kipinahrm.eu\\\/fi\\\/kipinantarina\\\/7-osa-miksi-pavel-tuli-suomeen\\\/#breadcrumb\"},\"inLanguage\":\"fi\",\"potentialAction\":[{\"@type\":\"ReadAction\",\"target\":[\"https:\\\/\\\/kipinahrm.eu\\\/fi\\\/kipinantarina\\\/7-osa-miksi-pavel-tuli-suomeen\\\/\"]}]},{\"@type\":\"ImageObject\",\"inLanguage\":\"fi\",\"@id\":\"https:\\\/\\\/kipinahrm.eu\\\/fi\\\/kipinantarina\\\/7-osa-miksi-pavel-tuli-suomeen\\\/#primaryimage\",\"url\":\"https:\\\/\\\/kipinahrm.eu\\\/wp-content\\\/uploads\\\/2021\\\/10\\\/5c52ad72-8a54-485a-ad92-753376448047.jpg\",\"contentUrl\":\"https:\\\/\\\/kipinahrm.eu\\\/wp-content\\\/uploads\\\/2021\\\/10\\\/5c52ad72-8a54-485a-ad92-753376448047.jpg\",\"width\":892,\"height\":765},{\"@type\":\"BreadcrumbList\",\"@id\":\"https:\\\/\\\/kipinahrm.eu\\\/fi\\\/kipinantarina\\\/7-osa-miksi-pavel-tuli-suomeen\\\/#breadcrumb\",\"itemListElement\":[{\"@type\":\"ListItem\",\"position\":1,\"name\":\"Home\",\"item\":\"https:\\\/\\\/kipinahrm.eu\\\/fi\\\/\"},{\"@type\":\"ListItem\",\"position\":2,\"name\":\"7. osa: Miksi Pavel tuli Suomeen?\"}]},{\"@type\":\"WebSite\",\"@id\":\"https:\\\/\\\/kipinahrm.eu\\\/#website\",\"url\":\"https:\\\/\\\/kipinahrm.eu\\\/\",\"name\":\"Henkil\u00f6st\u00f6vuokrausyhti\u00f6 Kipin\u00e4\",\"description\":\"\",\"publisher\":{\"@id\":\"https:\\\/\\\/kipinahrm.eu\\\/#organization\"},\"potentialAction\":[{\"@type\":\"SearchAction\",\"target\":{\"@type\":\"EntryPoint\",\"urlTemplate\":\"https:\\\/\\\/kipinahrm.eu\\\/?s={search_term_string}\"},\"query-input\":{\"@type\":\"PropertyValueSpecification\",\"valueRequired\":true,\"valueName\":\"search_term_string\"}}],\"inLanguage\":\"fi\"},{\"@type\":\"Organization\",\"@id\":\"https:\\\/\\\/kipinahrm.eu\\\/#organization\",\"name\":\"Henki\u00f6st\u00f6vuokrausyhti\u00f6 Kipin\u00e4 Oy\",\"url\":\"https:\\\/\\\/kipinahrm.eu\\\/\",\"logo\":{\"@type\":\"ImageObject\",\"inLanguage\":\"fi\",\"@id\":\"https:\\\/\\\/kipinahrm.eu\\\/#\\\/schema\\\/logo\\\/image\\\/\",\"url\":\"https:\\\/\\\/kipinahrm.eu\\\/wp-content\\\/uploads\\\/2021\\\/09\\\/Kipina-logo_tekstilla_M.png\",\"contentUrl\":\"https:\\\/\\\/kipinahrm.eu\\\/wp-content\\\/uploads\\\/2021\\\/09\\\/Kipina-logo_tekstilla_M.png\",\"width\":561,\"height\":444,\"caption\":\"Henki\u00f6st\u00f6vuokrausyhti\u00f6 Kipin\u00e4 Oy\"},\"image\":{\"@id\":\"https:\\\/\\\/kipinahrm.eu\\\/#\\\/schema\\\/logo\\\/image\\\/\"},\"sameAs\":[\"https:\\\/\\\/m.facebook.com\\\/HenkilostovuokrausKipina\",\"https:\\\/\\\/www.linkedin.com\\\/company\\\/henkilostovuokrausyhtio-kipina-oy\",\"https:\\\/\\\/www.youtube.com\\\/channel\\\/UCTogAPEEPzLjJ8H8v3xjutQ\"]},{\"@type\":\"Person\",\"@id\":\"https:\\\/\\\/kipinahrm.eu\\\/#\\\/schema\\\/person\\\/7afab194189472f1c1b2c73991c846d4\",\"name\":\"sami.rissanen@appario.fi\",\"image\":{\"@type\":\"ImageObject\",\"inLanguage\":\"fi\",\"@id\":\"https:\\\/\\\/secure.gravatar.com\\\/avatar\\\/ccc00c89e6ca86088c0a1570b14176c9a06d54a248d9f0841404fffd8e3312df?s=96&d=mm&r=g\",\"url\":\"https:\\\/\\\/secure.gravatar.com\\\/avatar\\\/ccc00c89e6ca86088c0a1570b14176c9a06d54a248d9f0841404fffd8e3312df?s=96&d=mm&r=g\",\"contentUrl\":\"https:\\\/\\\/secure.gravatar.com\\\/avatar\\\/ccc00c89e6ca86088c0a1570b14176c9a06d54a248d9f0841404fffd8e3312df?s=96&d=mm&r=g\",\"caption\":\"sami.rissanen@appario.fi\"},\"sameAs\":[\"http:\\\/\\\/manager.kipinahrm.fi\"]}]}<\/script>\n<!-- \/ Yoast SEO plugin. -->","yoast_head_json":{"title":"7. osa: Miksi Pavel tuli Suomeen? - Henkil\u00f6st\u00f6vuokrausyhti\u00f6 Kipin\u00e4","robots":{"index":"index","follow":"follow","max-snippet":"max-snippet:-1","max-image-preview":"max-image-preview:large","max-video-preview":"max-video-preview:-1"},"canonical":"https:\/\/kipinahrm.eu\/fi\/kipinantarina\/7-osa-miksi-pavel-tuli-suomeen\/","og_locale":"fi_FI","og_type":"article","og_title":"7. osa: Miksi Pavel tuli Suomeen? - Henkil\u00f6st\u00f6vuokrausyhti\u00f6 Kipin\u00e4","og_description":"N\u00e4in\u00e4 10 vuotena olemme pystyneet tarjoamaan asiakkaillemme ammattilaisia useista Keski-Euroopan maista ja n\u00e4ille ammattilaisille hyv\u00e4n ty\u00f6paikan. T\u00e4m\u00e4 ei kuitenkaan ole ollut helppoa. Syrj\u00e4inen Suomi ei ehk\u00e4 ole se ensimm\u00e4inen maa, mik\u00e4 heille tulee mieleen. Vaikka meid\u00e4n mielest\u00e4mme Suomen luonto on maailman kauneimpia ja maamme turvallinen, ei se riit\u00e4. Miksi siis Pavel tuli ensimm\u00e4isen kerran Suomeen [&hellip;]","og_url":"https:\/\/kipinahrm.eu\/fi\/kipinantarina\/7-osa-miksi-pavel-tuli-suomeen\/","og_site_name":"Henkil\u00f6st\u00f6vuokrausyhti\u00f6 Kipin\u00e4","article_publisher":"https:\/\/m.facebook.com\/HenkilostovuokrausKipina","article_published_time":"2021-10-15T08:03:37+00:00","article_modified_time":"2021-10-15T12:16:00+00:00","og_image":[{"width":892,"height":765,"url":"https:\/\/kipinahrm.eu\/wp-content\/uploads\/2021\/10\/5c52ad72-8a54-485a-ad92-753376448047.jpg","type":"image\/jpeg"}],"author":"sami.rissanen@appario.fi","twitter_card":"summary_large_image","twitter_misc":{"Kirjoittanut":"sami.rissanen@appario.fi","Arvioitu lukuaika":"1 minuutti"},"schema":{"@context":"https:\/\/schema.org","@graph":[{"@type":"Article","@id":"https:\/\/kipinahrm.eu\/fi\/kipinantarina\/7-osa-miksi-pavel-tuli-suomeen\/#article","isPartOf":{"@id":"https:\/\/kipinahrm.eu\/fi\/kipinantarina\/7-osa-miksi-pavel-tuli-suomeen\/"},"author":{"name":"sami.rissanen@appario.fi","@id":"https:\/\/kipinahrm.eu\/#\/schema\/person\/7afab194189472f1c1b2c73991c846d4"},"headline":"7. osa: Miksi Pavel tuli Suomeen?","datePublished":"2021-10-15T08:03:37+00:00","dateModified":"2021-10-15T12:16:00+00:00","mainEntityOfPage":{"@id":"https:\/\/kipinahrm.eu\/fi\/kipinantarina\/7-osa-miksi-pavel-tuli-suomeen\/"},"wordCount":139,"publisher":{"@id":"https:\/\/kipinahrm.eu\/#organization"},"image":{"@id":"https:\/\/kipinahrm.eu\/fi\/kipinantarina\/7-osa-miksi-pavel-tuli-suomeen\/#primaryimage"},"thumbnailUrl":"https:\/\/kipinahrm.eu\/wp-content\/uploads\/2021\/10\/5c52ad72-8a54-485a-ad92-753376448047.jpg","articleSection":["Kipin\u00e4n tarina"],"inLanguage":"fi"},{"@type":"WebPage","@id":"https:\/\/kipinahrm.eu\/fi\/kipinantarina\/7-osa-miksi-pavel-tuli-suomeen\/","url":"https:\/\/kipinahrm.eu\/fi\/kipinantarina\/7-osa-miksi-pavel-tuli-suomeen\/","name":"7. osa: Miksi Pavel tuli Suomeen? - Henkil\u00f6st\u00f6vuokrausyhti\u00f6 Kipin\u00e4","isPartOf":{"@id":"https:\/\/kipinahrm.eu\/#website"},"primaryImageOfPage":{"@id":"https:\/\/kipinahrm.eu\/fi\/kipinantarina\/7-osa-miksi-pavel-tuli-suomeen\/#primaryimage"},"image":{"@id":"https:\/\/kipinahrm.eu\/fi\/kipinantarina\/7-osa-miksi-pavel-tuli-suomeen\/#primaryimage"},"thumbnailUrl":"https:\/\/kipinahrm.eu\/wp-content\/uploads\/2021\/10\/5c52ad72-8a54-485a-ad92-753376448047.jpg","datePublished":"2021-10-15T08:03:37+00:00","dateModified":"2021-10-15T12:16:00+00:00","breadcrumb":{"@id":"https:\/\/kipinahrm.eu\/fi\/kipinantarina\/7-osa-miksi-pavel-tuli-suomeen\/#breadcrumb"},"inLanguage":"fi","potentialAction":[{"@type":"ReadAction","target":["https:\/\/kipinahrm.eu\/fi\/kipinantarina\/7-osa-miksi-pavel-tuli-suomeen\/"]}]},{"@type":"ImageObject","inLanguage":"fi","@id":"https:\/\/kipinahrm.eu\/fi\/kipinantarina\/7-osa-miksi-pavel-tuli-suomeen\/#primaryimage","url":"https:\/\/kipinahrm.eu\/wp-content\/uploads\/2021\/10\/5c52ad72-8a54-485a-ad92-753376448047.jpg","contentUrl":"https:\/\/kipinahrm.eu\/wp-content\/uploads\/2021\/10\/5c52ad72-8a54-485a-ad92-753376448047.jpg","width":892,"height":765},{"@type":"BreadcrumbList","@id":"https:\/\/kipinahrm.eu\/fi\/kipinantarina\/7-osa-miksi-pavel-tuli-suomeen\/#breadcrumb","itemListElement":[{"@type":"ListItem","position":1,"name":"Home","item":"https:\/\/kipinahrm.eu\/fi\/"},{"@type":"ListItem","position":2,"name":"7. osa: Miksi Pavel tuli Suomeen?"}]},{"@type":"WebSite","@id":"https:\/\/kipinahrm.eu\/#website","url":"https:\/\/kipinahrm.eu\/","name":"Henkil\u00f6st\u00f6vuokrausyhti\u00f6 Kipin\u00e4","description":"","publisher":{"@id":"https:\/\/kipinahrm.eu\/#organization"},"potentialAction":[{"@type":"SearchAction","target":{"@type":"EntryPoint","urlTemplate":"https:\/\/kipinahrm.eu\/?s={search_term_string}"},"query-input":{"@type":"PropertyValueSpecification","valueRequired":true,"valueName":"search_term_string"}}],"inLanguage":"fi"},{"@type":"Organization","@id":"https:\/\/kipinahrm.eu\/#organization","name":"Henki\u00f6st\u00f6vuokrausyhti\u00f6 Kipin\u00e4 Oy","url":"https:\/\/kipinahrm.eu\/","logo":{"@type":"ImageObject","inLanguage":"fi","@id":"https:\/\/kipinahrm.eu\/#\/schema\/logo\/image\/","url":"https:\/\/kipinahrm.eu\/wp-content\/uploads\/2021\/09\/Kipina-logo_tekstilla_M.png","contentUrl":"https:\/\/kipinahrm.eu\/wp-content\/uploads\/2021\/09\/Kipina-logo_tekstilla_M.png","width":561,"height":444,"caption":"Henki\u00f6st\u00f6vuokrausyhti\u00f6 Kipin\u00e4 Oy"},"image":{"@id":"https:\/\/kipinahrm.eu\/#\/schema\/logo\/image\/"},"sameAs":["https:\/\/m.facebook.com\/HenkilostovuokrausKipina","https:\/\/www.linkedin.com\/company\/henkilostovuokrausyhtio-kipina-oy","https:\/\/www.youtube.com\/channel\/UCTogAPEEPzLjJ8H8v3xjutQ"]},{"@type":"Person","@id":"https:\/\/kipinahrm.eu\/#\/schema\/person\/7afab194189472f1c1b2c73991c846d4","name":"sami.rissanen@appario.fi","image":{"@type":"ImageObject","inLanguage":"fi","@id":"https:\/\/secure.gravatar.com\/avatar\/ccc00c89e6ca86088c0a1570b14176c9a06d54a248d9f0841404fffd8e3312df?s=96&d=mm&r=g","url":"https:\/\/secure.gravatar.com\/avatar\/ccc00c89e6ca86088c0a1570b14176c9a06d54a248d9f0841404fffd8e3312df?s=96&d=mm&r=g","contentUrl":"https:\/\/secure.gravatar.com\/avatar\/ccc00c89e6ca86088c0a1570b14176c9a06d54a248d9f0841404fffd8e3312df?s=96&d=mm&r=g","caption":"sami.rissanen@appario.fi"},"sameAs":["http:\/\/manager.kipinahrm.fi"]}]}},"_links":{"self":[{"href":"https:\/\/kipinahrm.eu\/fi\/wp-json\/wp\/v2\/posts\/692","targetHints":{"allow":["GET"]}}],"collection":[{"href":"https:\/\/kipinahrm.eu\/fi\/wp-json\/wp\/v2\/posts"}],"about":[{"href":"https:\/\/kipinahrm.eu\/fi\/wp-json\/wp\/v2\/types\/post"}],"author":[{"embeddable":true,"href":"https:\/\/kipinahrm.eu\/fi\/wp-json\/wp\/v2\/users\/1"}],"replies":[{"embeddable":true,"href":"https:\/\/kipinahrm.eu\/fi\/wp-json\/wp\/v2\/comments?post=692"}],"version-history":[{"count":0,"href":"https:\/\/kipinahrm.eu\/fi\/wp-json\/wp\/v2\/posts\/692\/revisions"}],"wp:featuredmedia":[{"embeddable":true,"href":"https:\/\/kipinahrm.eu\/fi\/wp-json\/wp\/v2\/media\/746"}],"wp:attachment":[{"href":"https:\/\/kipinahrm.eu\/fi\/wp-json\/wp\/v2\/media?parent=692"}],"wp:term":[{"taxonomy":"category","embeddable":true,"href":"https:\/\/kipinahrm.eu\/fi\/wp-json\/wp\/v2\/categories?post=692"},{"taxonomy":"post_tag","embeddable":true,"href":"https:\/\/kipinahrm.eu\/fi\/wp-json\/wp\/v2\/tags?post=692"}],"curies":[{"name":"wp","href":"https:\/\/api.w.org\/{rel}","templated":true}]}}